{"id":21569,"date":"2025-07-28T09:23:38","date_gmt":"2025-07-28T07:23:38","guid":{"rendered":"https:\/\/www.iptv-anbieter.info\/iptv-news\/?p=21569"},"modified":"2025-07-28T09:23:38","modified_gmt":"2025-07-28T07:23:38","slug":"berlusconi-will-prosiebensat","status":"publish","type":"post","link":"https:\/\/www.iptv-anbieter.info\/iptv-news\/berlusconi-will-prosiebensat\/","title":{"rendered":"Pier Silvio Berlusconi greift nach ProSiebenSat.1 Media"},"content":{"rendered":"<p>Dass die Berlusconi-Familie langfristige Pl\u00e4ne mit ProSiebenSat.1 hat, d\u00fcrfte sp\u00e4testens seit Ende 2022 hinreichend bekannt sein. Die vorstehende Holding \u201eMedia For Europe\u201c h\u00e4lt bereits 30 Prozent der Anteile am <a href=\"https:\/\/www.iptv-anbieter.info\/iptv-news\/berlusconi-besitzt-jetzt-die-mehrheit-an-prosiebensat-1\/\" title=\"MFE besitzt Mehrheit an ProSiebenSat.1 Media\">deutschen Medienunternehmen<\/a>. Jetzt schaltet sich sogar Kulturstaatsminister Wolfram Weimer ein.<!--more--><\/p>\n<p>&nbsp;<\/p>\n<p><img decoding=\"async\" src=\"https:\/\/www.iptv-anbieter.info\/iptv-news\/wp-content\/uploads\/2024\/04\/streaming-2.webp\"><\/p>\n<h2>Pier Silvio Berlusconis m\u00f6chte ProSiebenSat.1 als Gegengewicht zu Netflix<\/h2>\n<p>Der Sohn des ehemaligen und verstorbenen italienischen Ministerpr\u00e4sidenten Silvio Berlusconi erkl\u00e4rte 2019 ProSiebenSat.1 als europ\u00e4isches Gegenst\u00fcck zu <a href=\"https:\/\/www.iptv-anbieter.info\/streaming\/netflix.html\" data-internallinksmanager029f6b8e52c=\"21\" title=\"alles \u00fcber Netflix samt Testbericht\">Netflix<\/a> und Amazon etablieren zu wollen. Die beiden US-amerikanischen Unternehmen sind <a href=\"https:\/\/www.iptv-anbieter.info\/iptv-news\/zattoo-streamingreport-2025\/\" title=\"Streaming im Aufwind\">in Deutschland f\u00fchrend<\/a>.<\/p>\n<p>&nbsp;<\/p>\n<p>Um diesen Plan umsetzen zu k\u00f6nnen, ist es f\u00fcr MFE wichtig, die Anteile an ProSiebenSat.1 zu erh\u00f6hen. Diese Ma\u00dfnahme gefiel dem zweiten Gro\u00dfaktion\u00e4r, der PPF Holding nicht sonderlich (diese wollen das Medienunternehmen unabh\u00e4ngig halten) und gab gegen\u00fcber dem <a href=\"https:\/\/www.handelsblatt.com\/unternehmen\/it-medien\/medienunternehmen-bundesregierung-stellt-forderungen-fuer-pro-sieben-sat-1-uebernahme\/100144290.html\" target=\"_blank\" rel=\"nofollow noopener\" title=\"Bieterstreit zwischen MFE und PPF\">Handelsblatt<\/a> bekannt, die Anteile von 15 auf 29,99 Prozent erh\u00f6hen zu wollen.<\/p>\n<p>&nbsp;<\/p>\n<p>Diese Bieterschlacht blieb der Bundesregierung und vor allem dem deutschen Kulturstaatsminister Wolfram Weimer nicht verborgen. Der Minister macht sich Sorgen, ob durch die \u00dcbernahme die journalistische und wirtschaftliche Unabh\u00e4ngigkeit von ProSiebenSat.1 erhalten bleibt.<\/p>\n<p>&nbsp;<\/p>\n<p>Weiterhin w\u00fcrde, laut seiner Aussage gegen\u00fcber dem <a href=\"https:\/\/www.spiegel.de\/politik\/deutschland\/wolfram-weimer-ueber-prosiebensat-1-und-pier-silvio-berlusconi-meine-sorge-ist-ob-die-journalistische-unabhaengigkeit-gewahrt-bleibt-a-7c93974f-a4bc-4b60-897d-a6f534af5581\" target=\"_blank\" rel=\"nofollow noopener\" title=\"Wolfram Weimer zur \u00dcbernahme durch MFE\">Spiegel<\/a>, eine m\u00f6gliche \u00dcbernahme \u201edas mediale Machtgef\u00fcge unseres Landes beeinflussen\u201c. Er erwarte von Media For Europe Transparenz und pr\u00fcfe bereits die Risiken und Folgen, die eine \u00dcbernahme mit sich bringt.<\/p>\n<h2>Die Folgen k\u00f6nnen weitreichend sein<\/h2>\n<p>Um wichtige Punkte zu besprechen, l\u00e4dt der Minister Berlusconi Anfang September 2025 in das Bundeskanzleramt ein. Ob tats\u00e4chlich ein Treffen zustande kommt, ist aber fraglich, denn MFE hat bisher noch nicht auf die Einladung reagiert.<\/p>\n<p>&nbsp;<\/p>\n<p>Dass die Folgen genau bewertet werden m\u00fcssen, zeigt sich am Beispiel der <a href=\"https:\/\/www.iptv-anbieter.info\/iptv-news\/skydance-uebernimmt-paramount\/\" title=\"Skydance darf Paramount \u00fcbernehmen\">\u00dcbernahme von Paramount durch Skydance<\/a>. Dort sorgt die \u00dcbernahme f\u00fcr das Ausscheiden kritischer Stimmen (unter anderem Stephen Colbert) und eine einseitige Berichterstattung d\u00fcrfte folgen. <\/p>\n<p>&nbsp;<\/p>\n<p>Dies gilt es zu vermeiden, vor allem vor dem Hintergrund, dass ProSiebenSat.1 Media aktuell der gr\u00f6\u00dfte Gegenpol zur RTL-Gruppe und zu den \u00f6ffentlich-rechtlichen Medien ist. Dabei gilt es zu beachten, dass MFE an der RTL-Gruppe mit <a href=\"https:\/\/www.handelsblatt.com\/unternehmen\/it-medien\/tv-konzern-mfe-erhoeht-anteil-bei-pro-sieben-sat-1-auf-2999-prozent\/100088229.html\" target=\"_blank\" rel=\"nofollow noopener\" title=\"MFE erh\u00f6ht Beteiligung an RTL\">29,99 Prozent beteiligt<\/a> ist.<\/p>\n<p>&nbsp;<\/p>\n<p>Gl\u00fcckt der Ausbau der Marktanteile durch MFE, kann Berlusconi also Druck auf Deutschlands TV-Landschaft aus\u00fcben. Ob ein Szenario wie einst in Italien unter Silvio Berlusconi entsteht, bleibt fraglich. Zur Erinnerung: Silvio Berlusconi baute Mediaset zum gr\u00f6\u00dften Konkurrenten zu den \u00f6ffentlich-rechtlichen Medien auf und lie\u00df kaum Platz f\u00fcr andere Anbieter (diese mussten sich mit 10 Prozent begn\u00fcgen).<\/p>\n<p>&nbsp;<\/p>\n<p>Von Berlusconi ungeliebte Journalisten zogen h\u00e4ufig den K\u00fcrzeren und mussten ihren Posten r\u00e4umen. In Erinnerung blieben die Streitigkeiten mit Rai-Redakteur Enzo Biagi 2002 (<a href=\"https:\/\/www.sueddeutsche.de\/medien\/berlusconi-und-mediaset-machiavelli-aus-zelluloid-1.1735405\" target=\"_blank\" rel=\"nofollow noopener\" title=\"Berlusconi und Mediaset\">zum Beitrag der S\u00fcddeutschen Zeitung<\/a>). Dieser musste nach mehreren Konflikten (so wurde ihm Vorgeworfen, der politisch Linken nahezustehen) seinen Posten r\u00e4umen.<\/p>\n<p>&nbsp;<\/p>\n<p>Schon 2013 beschrieb der Journalist Francesco La Licata Italiens Medienlandschaft mit den Worten \u201eTriumph der Banalit\u00e4t\u201c. In Zeiten, wo ein \u00e4hnliches Schicksal den US-amerikanischen Medien bevorsteht, ist es wichtig, die Vielfalt und kritische Berichterstattung in Deutschland aufrechtzuerhalten. Es bleibt zu hoffen, dass mit den \u00dcbernahmepl\u00e4nen von MFE kritisch umgegangen wird.<\/p>\n<p>&nbsp;<\/p>\n<div class=\"quellenews\">\nQuellen: handelsblatt.com, new-business.de, spiegel.de, sueddeutsche.de<br \/>\nBild im Artikel: &copy; IPTV-Anbieter.info\n<\/div>\n<div style='text-align:center' class='yasr-auto-insert-visitor'><\/div>","protected":false},"excerpt":{"rendered":"<p>Dass die Berlusconi-Familie langfristige Pl\u00e4ne mit ProSiebenSat.1 hat, d\u00fcrfte sp\u00e4testens seit Ende 2022 hinreichend bekannt sein. Die vorstehende Holding \u201eMedia For Europe\u201c h\u00e4lt bereits 30 Prozent der Anteile am deutschen Medienunternehmen. Jetzt schaltet sich sogar Kulturstaatsminister Wolfram Weimer ein.<\/p>\n","protected":false},"author":26,"featured_media":0,"comment_status":"open","ping_status":"closed","sticky":false,"template":"","format":"standard","meta":{"yasr_overall_rating":0,"yasr_post_is_review":"","yasr_auto_insert_disabled":"","yasr_review_type":"","iawp_total_views":7,"footnotes":"","jetpack_publicize_message":"","jetpack_publicize_feature_enabled":true,"jetpack_social_post_already_shared":true,"jetpack_social_options":{"image_generator_settings":{"template":"highway","default_image_id":0,"font":"","enabled":false},"version":2},"_wp_rev_ctl_limit":""},"categories":[1,4,2153],"tags":[2311,889,2313,2312,116,730],"class_list":["post-21569","post","type-post","status-publish","format-standard","hentry","category-allgemein","category-internetfernsehen-artikel","category-sonstige","tag-bundeskulturminister","tag-bundesregierung","tag-media-for-europe","tag-pier-silvio-berlusconi","tag-prosiebensat1","tag-ubernahme"],"views":66,"yasr_visitor_votes":{"stars_attributes":{"read_only":false,"span_bottom":false},"number_of_votes":0,"sum_votes":0},"jetpack_publicize_connections":[],"jetpack_featured_media_url":"","_links":{"self":[{"href":"https:\/\/www.iptv-anbieter.info\/iptv-news\/wp-json\/wp\/v2\/posts\/21569","targetHints":{"allow":["GET"]}}],"collection":[{"href":"https:\/\/www.iptv-anbieter.info\/iptv-news\/wp-json\/wp\/v2\/posts"}],"about":[{"href":"https:\/\/www.iptv-anbieter.info\/iptv-news\/wp-json\/wp\/v2\/types\/post"}],"author":[{"embeddable":true,"href":"https:\/\/www.iptv-anbieter.info\/iptv-news\/wp-json\/wp\/v2\/users\/26"}],"replies":[{"embeddable":true,"href":"https:\/\/www.iptv-anbieter.info\/iptv-news\/wp-json\/wp\/v2\/comments?post=21569"}],"version-history":[{"count":4,"href":"https:\/\/www.iptv-anbieter.info\/iptv-news\/wp-json\/wp\/v2\/posts\/21569\/revisions"}],"predecessor-version":[{"id":21584,"href":"https:\/\/www.iptv-anbieter.info\/iptv-news\/wp-json\/wp\/v2\/posts\/21569\/revisions\/21584"}],"wp:attachment":[{"href":"https:\/\/www.iptv-anbieter.info\/iptv-news\/wp-json\/wp\/v2\/media?parent=21569"}],"wp:term":[{"taxonomy":"category","embeddable":true,"href":"https:\/\/www.iptv-anbieter.info\/iptv-news\/wp-json\/wp\/v2\/categories?post=21569"},{"taxonomy":"post_tag","embeddable":true,"href":"https:\/\/www.iptv-anbieter.info\/iptv-news\/wp-json\/wp\/v2\/tags?post=21569"}],"curies":[{"name":"wp","href":"https:\/\/api.w.org\/{rel}","templated":true}]}}